{"id":365,"date":"2016-05-06T19:22:04","date_gmt":"2016-05-06T19:22:04","guid":{"rendered":"http:\/\/schule-fuer-kinder-beruflich-reisender.de\/?p=365"},"modified":"2016-05-06T19:22:42","modified_gmt":"2016-05-06T19:22:42","slug":"fruehlingsfest-kassel","status":"publish","type":"post","link":"https:\/\/schule-fuer-kinder-beruflich-reisender.de\/?p=365","title":{"rendered":"Fr\u00fchlingsfest Kassel"},"content":{"rendered":"<p>Zwanzig reisende Sch\u00fclerinnen und Sch\u00fcler der Jahrgangsstufen 1-8 haben wir auf dem Fr\u00fchlingsfest in Kassel begr\u00fc\u00dfen d\u00fcrfen, das vom 22. April bis zum 08. Mai 2016 auf der Schwanenwiese stattfand. Sie waren aus Sachsen-Anhalt, Nordrhein-Westphalen, Niedersachsen und Hessen angereist. Zwei Lernmobile waren in dieser Zeit t\u00e4glich vor Ort, um die Sch\u00fcler zu unterrichten und zu f\u00f6rdern.<a href=\"https:\/\/schule-fuer-kinder-beruflich-reisender.de\/2016\/05\/06\/fruehlingsfest-kassel\/p1050959\/\" rel=\"attachment wp-att-366\"><img loading=\"lazy\" decoding=\"async\" class=\"alignnone size-full wp-image-366\" src=\"https:\/\/schule-fuer-kinder-beruflich-reisender.de\/wp-content\/uploads\/2016\/05\/P1050959.jpg\" alt=\"P1050959\" width=\"2000\" height=\"1357\" \/><\/a> <a href=\"https:\/\/schule-fuer-kinder-beruflich-reisender.de\/2016\/05\/06\/fruehlingsfest-kassel\/p1050962\/\" rel=\"attachment wp-att-367\"><img loading=\"lazy\" decoding=\"async\" class=\"alignnone size-medium wp-image-367\" src=\"https:\/\/schule-fuer-kinder-beruflich-reisender.de\/wp-content\/uploads\/2016\/05\/P1050962.jpg\" alt=\"P1050962\" width=\"245\" height=\"300\" \/><\/a><\/p>\n","protected":false},"excerpt":{"rendered":"<p>Zwanzig reisende Sch\u00fclerinnen und Sch\u00fcler der Jahrgangsstufen 1-8 haben wir auf dem Fr\u00fchlingsfest in Kassel begr\u00fc\u00dfen d\u00fcrfen, das vom 22. April bis zum 08. Mai 2016 auf der Schwanenwiese stattfand. Sie waren aus Sachsen-Anhalt, Nordrhein-Westphalen, Niedersachsen und Hessen angereist. Zwei &hellip; <a href=\"https:\/\/schule-fuer-kinder-beruflich-reisender.de\/?p=365\">Weiterlesen <span class=\"meta-nav\">&rarr;<\/span><\/a><\/p>\n","protected":false},"author":4,"featured_media":0,"comment_status":"closed","ping_status":"closed","sticky":false,"template":"","format":"standard","meta":{"footnotes":""},"categories":[1],"tags":[],"class_list":["post-365","post","type-post","status-publish","format-standard","hentry","category-allgemein"],"_links":{"self":[{"href":"https:\/\/schule-fuer-kinder-beruflich-reisender.de\/index.php?rest_route=\/wp\/v2\/posts\/365","targetHints":{"allow":["GET"]}}],"collection":[{"href":"https:\/\/schule-fuer-kinder-beruflich-reisender.de\/index.php?rest_route=\/wp\/v2\/posts"}],"about":[{"href":"https:\/\/schule-fuer-kinder-beruflich-reisender.de\/index.php?rest_route=\/wp\/v2\/types\/post"}],"author":[{"embeddable":true,"href":"https:\/\/schule-fuer-kinder-beruflich-reisender.de\/index.php?rest_route=\/wp\/v2\/users\/4"}],"replies":[{"embeddable":true,"href":"https:\/\/schule-fuer-kinder-beruflich-reisender.de\/index.php?rest_route=%2Fwp%2Fv2%2Fcomments&post=365"}],"version-history":[{"count":2,"href":"https:\/\/schule-fuer-kinder-beruflich-reisender.de\/index.php?rest_route=\/wp\/v2\/posts\/365\/revisions"}],"predecessor-version":[{"id":369,"href":"https:\/\/schule-fuer-kinder-beruflich-reisender.de\/index.php?rest_route=\/wp\/v2\/posts\/365\/revisions\/369"}],"wp:attachment":[{"href":"https:\/\/schule-fuer-kinder-beruflich-reisender.de\/index.php?rest_route=%2Fwp%2Fv2%2Fmedia&parent=365"}],"wp:term":[{"taxonomy":"category","embeddable":true,"href":"https:\/\/schule-fuer-kinder-beruflich-reisender.de\/index.php?rest_route=%2Fwp%2Fv2%2Fcategories&post=365"},{"taxonomy":"post_tag","embeddable":true,"href":"https:\/\/schule-fuer-kinder-beruflich-reisender.de\/index.php?rest_route=%2Fwp%2Fv2%2Ftags&post=365"}],"curies":[{"name":"wp","href":"https:\/\/api.w.org\/{rel}","templated":true}]}}