{"id":220,"date":"2015-11-11T16:20:32","date_gmt":"2015-11-11T16:20:32","guid":{"rendered":"http:\/\/sfkbr.apps-1and1.net\/?p=220"},"modified":"2015-11-16T16:22:12","modified_gmt":"2015-11-16T16:22:12","slug":"vortrag-und-diskussion-im-rahmen-der-studienprojektwoche-an-der-hochschule-darmstadt","status":"publish","type":"post","link":"https:\/\/schule-fuer-kinder-beruflich-reisender.de\/?p=220","title":{"rendered":"Vortrag und Diskussion im Rahmen der Studienprojektwoche an der Hochschule Darmstadt"},"content":{"rendered":"<p>Am 9.11.2015 stellte Frau Birgid Oertel, Leiterin des Referats I.3.2 (Hochbegabung, Kinder beruflich Reisender) im Hessischen Kultusministerium, im Rahmen der Studienprojektwoche an der Hochschule Darmstadt die SfKbR vor. Herr Stephan Ohl, Kollege der SfKbR hat bei dieser Veranstaltung \u00fcber die t\u00e4gliche Arbeit informiert und zahlreiche Fragen der Studierenden beantwortet. Die Studierenden zeigten gro\u00dfes Interresse und hatten im Anschluss an den Vortrag noch die M\u00f6glichkeit ein Lernmobil auf dem Hochschulgel\u00e4nde zu besichtigen.<\/p>\n","protected":false},"excerpt":{"rendered":"<p>Am 9.11.2015 stellte Frau Birgid Oertel, Leiterin des Referats I.3.2 (Hochbegabung, Kinder beruflich Reisender) im Hessischen Kultusministerium, im Rahmen der Studienprojektwoche an der Hochschule Darmstadt die SfKbR vor. Herr Stephan Ohl, Kollege der SfKbR hat bei dieser Veranstaltung \u00fcber die &hellip; <a href=\"https:\/\/schule-fuer-kinder-beruflich-reisender.de\/?p=220\">Weiterlesen <span class=\"meta-nav\">&rarr;<\/span><\/a><\/p>\n","protected":false},"author":4,"featured_media":0,"comment_status":"closed","ping_status":"closed","sticky":false,"template":"","format":"standard","meta":{"footnotes":""},"categories":[1],"tags":[],"class_list":["post-220","post","type-post","status-publish","format-standard","hentry","category-allgemein"],"_links":{"self":[{"href":"https:\/\/schule-fuer-kinder-beruflich-reisender.de\/index.php?rest_route=\/wp\/v2\/posts\/220","targetHints":{"allow":["GET"]}}],"collection":[{"href":"https:\/\/schule-fuer-kinder-beruflich-reisender.de\/index.php?rest_route=\/wp\/v2\/posts"}],"about":[{"href":"https:\/\/schule-fuer-kinder-beruflich-reisender.de\/index.php?rest_route=\/wp\/v2\/types\/post"}],"author":[{"embeddable":true,"href":"https:\/\/schule-fuer-kinder-beruflich-reisender.de\/index.php?rest_route=\/wp\/v2\/users\/4"}],"replies":[{"embeddable":true,"href":"https:\/\/schule-fuer-kinder-beruflich-reisender.de\/index.php?rest_route=%2Fwp%2Fv2%2Fcomments&post=220"}],"version-history":[{"count":1,"href":"https:\/\/schule-fuer-kinder-beruflich-reisender.de\/index.php?rest_route=\/wp\/v2\/posts\/220\/revisions"}],"predecessor-version":[{"id":221,"href":"https:\/\/schule-fuer-kinder-beruflich-reisender.de\/index.php?rest_route=\/wp\/v2\/posts\/220\/revisions\/221"}],"wp:attachment":[{"href":"https:\/\/schule-fuer-kinder-beruflich-reisender.de\/index.php?rest_route=%2Fwp%2Fv2%2Fmedia&parent=220"}],"wp:term":[{"taxonomy":"category","embeddable":true,"href":"https:\/\/schule-fuer-kinder-beruflich-reisender.de\/index.php?rest_route=%2Fwp%2Fv2%2Fcategories&post=220"},{"taxonomy":"post_tag","embeddable":true,"href":"https:\/\/schule-fuer-kinder-beruflich-reisender.de\/index.php?rest_route=%2Fwp%2Fv2%2Ftags&post=220"}],"curies":[{"name":"wp","href":"https:\/\/api.w.org\/{rel}","templated":true}]}}