{"id":209,"date":"2015-11-16T15:51:02","date_gmt":"2015-11-16T15:51:02","guid":{"rendered":"http:\/\/sfkbr.apps-1and1.net\/?p=209"},"modified":"2015-11-16T16:01:59","modified_gmt":"2015-11-16T16:01:59","slug":"circus-manjana-in-badwildungen","status":"publish","type":"post","link":"https:\/\/schule-fuer-kinder-beruflich-reisender.de\/?p=209","title":{"rendered":"Circus Manjana in Bad Wildungen"},"content":{"rendered":"<p class=\"western\"><span style=\"font-size: large;\"><a href=\"https:\/\/schule-fuer-kinder-beruflich-reisender.de\/wp-content\/uploads\/2015\/11\/Kinder-Wagen-Kamele-Tatjana-P1050745_kleiner1.jpg\"><img loading=\"lazy\" decoding=\"async\" class=\"alignnone size-medium wp-image-216\" src=\"https:\/\/schule-fuer-kinder-beruflich-reisender.de\/wp-content\/uploads\/2015\/11\/Kinder-Wagen-Kamele-Tatjana-P1050745_kleiner1-300x198.jpg\" alt=\"Kinder Wagen Kamele Tatjana P1050745_kleiner\" width=\"300\" height=\"198\" srcset=\"https:\/\/schule-fuer-kinder-beruflich-reisender.de\/wp-content\/uploads\/2015\/11\/Kinder-Wagen-Kamele-Tatjana-P1050745_kleiner1-300x198.jpg 300w, https:\/\/schule-fuer-kinder-beruflich-reisender.de\/wp-content\/uploads\/2015\/11\/Kinder-Wagen-Kamele-Tatjana-P1050745_kleiner1-454x300.jpg 454w, https:\/\/schule-fuer-kinder-beruflich-reisender.de\/wp-content\/uploads\/2015\/11\/Kinder-Wagen-Kamele-Tatjana-P1050745_kleiner1.jpg 998w\" sizes=\"auto, (max-width: 300px) 100vw, 300px\" \/><\/a><\/span><\/p>\n<p class=\"western\"><span style=\"font-size: large;\">Der <\/span><span style=\"font-size: large;\"><i>Circus Manjana<\/i><\/span><span style=\"font-size: large;\"> wird voraussichtlich den Winter \u00fcber in Bad Wildungen bleiben. Diesem Unternehmen geh\u00f6ren 18 Personen an. Auch zahlreiche Tiere wie Kamele, Pferde und Lamas reisen mit dem <\/span><span style=\"font-size: large;\"><i>Circus Manjana<\/i><\/span><span style=\"font-size: large;\">.<\/span><\/p>\n<p class=\"western\"><span style=\"font-size: large;\">Die acht Sch\u00fcler im Alter von 7-15 Jahren (Natascha, Natalie, Nadja, Manjana, Jeffrey, Isabel, Lessly und Adriano) besuchen St\u00fctzpunktschulen im Ort und werden an einem Nachmittag pro Woche zus\u00e4tzlich durch eine SfKbR-<\/span><span style=\"font-size: large;\">Lehrkraft gef\u00f6rdert. <\/span><a href=\"https:\/\/schule-fuer-kinder-beruflich-reisender.de\/wp-content\/uploads\/2015\/11\/Tatjana-und-Kids-mit-Stroh_P1050774_kleiner.jpg\"><img loading=\"lazy\" decoding=\"async\" class=\"alignnone size-medium wp-image-210\" src=\"https:\/\/schule-fuer-kinder-beruflich-reisender.de\/wp-content\/uploads\/2015\/11\/Tatjana-und-Kids-mit-Stroh_P1050774_kleiner-300x192.jpg\" alt=\"Tatjana und Kids mit Stroh_P1050774_kleiner\" width=\"300\" height=\"192\" srcset=\"https:\/\/schule-fuer-kinder-beruflich-reisender.de\/wp-content\/uploads\/2015\/11\/Tatjana-und-Kids-mit-Stroh_P1050774_kleiner-300x192.jpg 300w, https:\/\/schule-fuer-kinder-beruflich-reisender.de\/wp-content\/uploads\/2015\/11\/Tatjana-und-Kids-mit-Stroh_P1050774_kleiner-470x300.jpg 470w, https:\/\/schule-fuer-kinder-beruflich-reisender.de\/wp-content\/uploads\/2015\/11\/Tatjana-und-Kids-mit-Stroh_P1050774_kleiner.jpg 800w\" sizes=\"auto, (max-width: 300px) 100vw, 300px\" \/><\/a><\/p>\n","protected":false},"excerpt":{"rendered":"<p>Der Circus Manjana wird voraussichtlich den Winter \u00fcber in Bad Wildungen bleiben. Diesem Unternehmen geh\u00f6ren 18 Personen an. Auch zahlreiche Tiere wie Kamele, Pferde und Lamas reisen mit dem Circus Manjana. Die acht Sch\u00fcler im Alter von 7-15 Jahren (Natascha, &hellip; <a href=\"https:\/\/schule-fuer-kinder-beruflich-reisender.de\/?p=209\">Weiterlesen <span class=\"meta-nav\">&rarr;<\/span><\/a><\/p>\n","protected":false},"author":4,"featured_media":0,"comment_status":"closed","ping_status":"closed","sticky":false,"template":"","format":"standard","meta":{"footnotes":""},"categories":[1],"tags":[],"class_list":["post-209","post","type-post","status-publish","format-standard","hentry","category-allgemein"],"_links":{"self":[{"href":"https:\/\/schule-fuer-kinder-beruflich-reisender.de\/index.php?rest_route=\/wp\/v2\/posts\/209","targetHints":{"allow":["GET"]}}],"collection":[{"href":"https:\/\/schule-fuer-kinder-beruflich-reisender.de\/index.php?rest_route=\/wp\/v2\/posts"}],"about":[{"href":"https:\/\/schule-fuer-kinder-beruflich-reisender.de\/index.php?rest_route=\/wp\/v2\/types\/post"}],"author":[{"embeddable":true,"href":"https:\/\/schule-fuer-kinder-beruflich-reisender.de\/index.php?rest_route=\/wp\/v2\/users\/4"}],"replies":[{"embeddable":true,"href":"https:\/\/schule-fuer-kinder-beruflich-reisender.de\/index.php?rest_route=%2Fwp%2Fv2%2Fcomments&post=209"}],"version-history":[{"count":5,"href":"https:\/\/schule-fuer-kinder-beruflich-reisender.de\/index.php?rest_route=\/wp\/v2\/posts\/209\/revisions"}],"predecessor-version":[{"id":217,"href":"https:\/\/schule-fuer-kinder-beruflich-reisender.de\/index.php?rest_route=\/wp\/v2\/posts\/209\/revisions\/217"}],"wp:attachment":[{"href":"https:\/\/schule-fuer-kinder-beruflich-reisender.de\/index.php?rest_route=%2Fwp%2Fv2%2Fmedia&parent=209"}],"wp:term":[{"taxonomy":"category","embeddable":true,"href":"https:\/\/schule-fuer-kinder-beruflich-reisender.de\/index.php?rest_route=%2Fwp%2Fv2%2Fcategories&post=209"},{"taxonomy":"post_tag","embeddable":true,"href":"https:\/\/schule-fuer-kinder-beruflich-reisender.de\/index.php?rest_route=%2Fwp%2Fv2%2Ftags&post=209"}],"curies":[{"name":"wp","href":"https:\/\/api.w.org\/{rel}","templated":true}]}}