{"id":186,"date":"2015-10-21T11:19:32","date_gmt":"2015-10-21T11:19:32","guid":{"rendered":"http:\/\/sfkbr.apps-1and1.net\/?p=186"},"modified":"2019-12-17T15:49:53","modified_gmt":"2019-12-17T15:49:53","slug":"berufsparcours-2015","status":"publish","type":"post","link":"https:\/\/schule-fuer-kinder-beruflich-reisender.de\/?p=186","title":{"rendered":"Berufsparcours 2015"},"content":{"rendered":"<p><a href=\"https:\/\/schule-fuer-kinder-beruflich-reisender.de\/wp-content\/uploads\/2015\/10\/BP_Foto5_klein.png\"><img loading=\"lazy\" decoding=\"async\" class=\"alignnone size-medium wp-image-205\" src=\"https:\/\/schule-fuer-kinder-beruflich-reisender.de\/wp-content\/uploads\/2015\/10\/BP_Foto5_klein-300x112.png\" alt=\"BP_Foto5_klein\" width=\"300\" height=\"112\" srcset=\"https:\/\/schule-fuer-kinder-beruflich-reisender.de\/wp-content\/uploads\/2015\/10\/BP_Foto5_klein-300x112.png 300w, https:\/\/schule-fuer-kinder-beruflich-reisender.de\/wp-content\/uploads\/2015\/10\/BP_Foto5_klein-500x187.png 500w, https:\/\/schule-fuer-kinder-beruflich-reisender.de\/wp-content\/uploads\/2015\/10\/BP_Foto5_klein.png 800w\" sizes=\"auto, (max-width: 300px) 100vw, 300px\" \/><\/a><br \/>\nNach den positiven Erfahrungen des letzten Schuljahrs wurde unseren Sch\u00fclerinnen und Sch\u00fclern der Klassenstufen 7 bis 10 auch in diesem Jahr die M\u00f6glichkeit geboten, im Rahmen des Arbeitslehreunterrichts an einem Berufsparcours teilzunehmen.<\/p>\n<p>Insgesamt sechs Sch\u00fclerinnen und Sch\u00fcler aus vier verschiedenen Unternehmen reisten hierf\u00fcr am 9. Oktober mit ihren Lehrkr\u00e4ften von ihren jeweiligen Gastspielorten nach Wiesbaden.<\/p>\n<p>Nach einer halbst\u00fcndigen Einf\u00fchrung durch einen sehr erfahren und begeisternden Kollegen konnten die Sch\u00fclerinnen und Sch\u00fcler in der Aula der Schule am Geisberg an rund 20 Stationen einfache praktische Aufgaben aus dem Arbeitsalltag verschiedener Ausbildungsberufe l\u00f6sen und auf diesem Weg ihr Interesse testen sowie ihre eigenen F\u00e4higkeiten und Begabungen kennen lernen.<\/p>\n<p>Um in Bezug auf Neigungen und St\u00e4rken zu einer realistischen Selbsteinsch\u00e4tzung zu gelangen und die im Parcours gesammelten Erfahrungen zu einem sp\u00e4teren Zeitpunkt im Unterricht auswerten zu k\u00f6nnen, galt es in den folgenden 90 Minuten m\u00f6glichst viele Stationen zu durchlaufen, das eigene Geschick in unterschiedlichen Feldern zu erproben und die Ergebnisse in einem Laufzettel festzuhalten.<br \/>\nWer unsere Sch\u00fclerschaft und deren Lebenswirklichkeit kennt, den werden die in vielen Bereichen gezeigten Kompetenzen nicht \u00fcberraschen. Ob es ums Anschlie\u00dfen eines Piepsers, die Herstellung eines Schl\u00fcsselanh\u00e4ngers, das Eindecken eines Tischs oder ums Blutdruckmessen ging \u2013 alle waren mit Eifer und Freude am Werk und bew\u00e4ltigten einige der Herausforderungen sehr erfolgreich.<br \/>\nMotivierte, experimentierfreudige Sch\u00fcler, eine wunderbare Anleitung und angenehme Arbeitsatmosph\u00e4re &#8211; kurzum: dieses Angebot werden wir uns sicher auch im kommenden Jahr nicht entgehen lassen!<br \/>\n<a href=\"https:\/\/schule-fuer-kinder-beruflich-reisender.de\/wp-content\/uploads\/2015\/10\/Berufsparcurs_P1050917_web.jpg\"><img loading=\"lazy\" decoding=\"async\" class=\"alignnone size-medium wp-image-188\" src=\"https:\/\/schule-fuer-kinder-beruflich-reisender.de\/wp-content\/uploads\/2015\/10\/Berufsparcurs_P1050917_web-300x225.jpg\" alt=\"Berufsparcurs_P1050917_web\" width=\"300\" height=\"225\" srcset=\"https:\/\/schule-fuer-kinder-beruflich-reisender.de\/wp-content\/uploads\/2015\/10\/Berufsparcurs_P1050917_web-300x225.jpg 300w, https:\/\/schule-fuer-kinder-beruflich-reisender.de\/wp-content\/uploads\/2015\/10\/Berufsparcurs_P1050917_web-400x300.jpg 400w, https:\/\/schule-fuer-kinder-beruflich-reisender.de\/wp-content\/uploads\/2015\/10\/Berufsparcurs_P1050917_web.jpg 800w\" sizes=\"auto, (max-width: 300px) 100vw, 300px\" \/><\/a><\/p>\n<p><a href=\"https:\/\/schule-fuer-kinder-beruflich-reisender.de\/wp-content\/uploads\/2015\/10\/Berufsparcurs_134_web.jpg\"><img loading=\"lazy\" decoding=\"async\" class=\"alignnone size-medium wp-image-187\" src=\"https:\/\/schule-fuer-kinder-beruflich-reisender.de\/wp-content\/uploads\/2015\/10\/Berufsparcurs_134_web-225x300.jpg\" alt=\"Berufsparcurs_134_web\" width=\"225\" height=\"300\" srcset=\"https:\/\/schule-fuer-kinder-beruflich-reisender.de\/wp-content\/uploads\/2015\/10\/Berufsparcurs_134_web-225x300.jpg 225w, https:\/\/schule-fuer-kinder-beruflich-reisender.de\/wp-content\/uploads\/2015\/10\/Berufsparcurs_134_web-768x1024.jpg 768w, https:\/\/schule-fuer-kinder-beruflich-reisender.de\/wp-content\/uploads\/2015\/10\/Berufsparcurs_134_web.jpg 800w\" sizes=\"auto, (max-width: 225px) 100vw, 225px\" \/><\/a><\/p>\n","protected":false},"excerpt":{"rendered":"<p>Nach den positiven Erfahrungen des letzten Schuljahrs wurde unseren Sch\u00fclerinnen und Sch\u00fclern der Klassenstufen 7 bis 10 auch in diesem Jahr die M\u00f6glichkeit geboten, im Rahmen des Arbeitslehreunterrichts an einem Berufsparcours teilzunehmen. Insgesamt sechs Sch\u00fclerinnen und Sch\u00fcler aus vier verschiedenen &hellip; <a href=\"https:\/\/schule-fuer-kinder-beruflich-reisender.de\/?p=186\">Weiterlesen <span class=\"meta-nav\">&rarr;<\/span><\/a><\/p>\n","protected":false},"author":4,"featured_media":0,"comment_status":"closed","ping_status":"closed","sticky":false,"template":"","format":"standard","meta":{"footnotes":""},"categories":[1],"tags":[],"class_list":["post-186","post","type-post","status-publish","format-standard","hentry","category-allgemein"],"_links":{"self":[{"href":"https:\/\/schule-fuer-kinder-beruflich-reisender.de\/index.php?rest_route=\/wp\/v2\/posts\/186","targetHints":{"allow":["GET"]}}],"collection":[{"href":"https:\/\/schule-fuer-kinder-beruflich-reisender.de\/index.php?rest_route=\/wp\/v2\/posts"}],"about":[{"href":"https:\/\/schule-fuer-kinder-beruflich-reisender.de\/index.php?rest_route=\/wp\/v2\/types\/post"}],"author":[{"embeddable":true,"href":"https:\/\/schule-fuer-kinder-beruflich-reisender.de\/index.php?rest_route=\/wp\/v2\/users\/4"}],"replies":[{"embeddable":true,"href":"https:\/\/schule-fuer-kinder-beruflich-reisender.de\/index.php?rest_route=%2Fwp%2Fv2%2Fcomments&post=186"}],"version-history":[{"count":4,"href":"https:\/\/schule-fuer-kinder-beruflich-reisender.de\/index.php?rest_route=\/wp\/v2\/posts\/186\/revisions"}],"predecessor-version":[{"id":988,"href":"https:\/\/schule-fuer-kinder-beruflich-reisender.de\/index.php?rest_route=\/wp\/v2\/posts\/186\/revisions\/988"}],"wp:attachment":[{"href":"https:\/\/schule-fuer-kinder-beruflich-reisender.de\/index.php?rest_route=%2Fwp%2Fv2%2Fmedia&parent=186"}],"wp:term":[{"taxonomy":"category","embeddable":true,"href":"https:\/\/schule-fuer-kinder-beruflich-reisender.de\/index.php?rest_route=%2Fwp%2Fv2%2Fcategories&post=186"},{"taxonomy":"post_tag","embeddable":true,"href":"https:\/\/schule-fuer-kinder-beruflich-reisender.de\/index.php?rest_route=%2Fwp%2Fv2%2Ftags&post=186"}],"curies":[{"name":"wp","href":"https:\/\/api.w.org\/{rel}","templated":true}]}}