{"id":181,"date":"2015-09-16T13:30:49","date_gmt":"2015-09-16T13:30:49","guid":{"rendered":"http:\/\/sfkbr.apps-1and1.net\/?p=181"},"modified":"2015-09-22T13:31:58","modified_gmt":"2015-09-22T13:31:58","slug":"sommerfest-2015","status":"publish","type":"post","link":"https:\/\/schule-fuer-kinder-beruflich-reisender.de\/?p=181","title":{"rendered":"Sommerfest 2015"},"content":{"rendered":"<p>Am 16. September fand unser allj\u00e4hrliches Sommerfest in Wiesbaden statt. Viele unserer Sch\u00fcler und ihre Familien haben teilweise einen weiten Weg zur\u00fcckgelegt, um mit uns zu feiern. Wir haben uns auch gefreut, Frau Oertel und Herrn Diegelmann vom Hessischen Kultusministerium sowie Frau Klinger von EVIM begr\u00fc\u00dfen zu d\u00fcrfen. <\/p>\n<p>Besonders aufregend war dieser Tag nat\u00fcrlich f\u00fcr unsere neuen Erstkl\u00e4ssler. Frau Krause-Masuch begr\u00fc\u00dfte die anwesenden Familien und stellte sie namentlich vor. Herr Pfarrer Loyal begann mit einem kleinen musikalisch begleiteten Gottesdienst in dessen Mittelpunkt unsere neuen Sch\u00fclerinnen und Sch\u00fcler standen. Anschlie\u00dfend \u00fcberreichten die jeweiligen Klassenlehrer ihren Schulanf\u00e4ngern eine kleine Schult\u00fcte.<br \/>\nNach der offiziellen Einschulung wurde das Buffet freigegeben. Es wurden Grillw\u00fcrstchen, verschiedene Salate, Kuchen sowie Kaffee und kalte Getr\u00e4nke angeboten. Die Familien und die Lehrkr\u00e4fte hatten Gelegenheit sich kennenzulernen und auszustauschen oder sich einige ausgestellte Arbeiten unserer Sch\u00fcler anzuschauen.<br \/>\nDen Sch\u00fclern bot sich in der Zeit die M\u00f6glichkeit, in der Turnhalle an unseren alternativen Bundesjugendspielen teilzunehmen. In vier verschiedenen Disziplinen gab es Punkte zu sammeln: im Sprint mit H\u00fcrden und Slalom, im Zonenweitwurf, im Zielweitwurf und im Ausdauerlauf. Jeder Sch\u00fcler erwarb eine Urkunde mit seiner erreichten Punktzahl. <\/p>\n<p>Ein sch\u00f6nes Sommerfest ging somit zu Ende und wir w\u00fcnschen uns ein Wiedersehen im n\u00e4chsten Jahr!<\/p>\n","protected":false},"excerpt":{"rendered":"<p>Am 16. September fand unser allj\u00e4hrliches Sommerfest in Wiesbaden statt. Viele unserer Sch\u00fcler und ihre Familien haben teilweise einen weiten Weg zur\u00fcckgelegt, um mit uns zu feiern. Wir haben uns auch gefreut, Frau Oertel und Herrn Diegelmann vom Hessischen Kultusministerium &hellip; <a href=\"https:\/\/schule-fuer-kinder-beruflich-reisender.de\/?p=181\">Weiterlesen <span class=\"meta-nav\">&rarr;<\/span><\/a><\/p>\n","protected":false},"author":4,"featured_media":0,"comment_status":"closed","ping_status":"closed","sticky":false,"template":"","format":"standard","meta":{"footnotes":""},"categories":[1],"tags":[],"class_list":["post-181","post","type-post","status-publish","format-standard","hentry","category-allgemein"],"_links":{"self":[{"href":"https:\/\/schule-fuer-kinder-beruflich-reisender.de\/index.php?rest_route=\/wp\/v2\/posts\/181","targetHints":{"allow":["GET"]}}],"collection":[{"href":"https:\/\/schule-fuer-kinder-beruflich-reisender.de\/index.php?rest_route=\/wp\/v2\/posts"}],"about":[{"href":"https:\/\/schule-fuer-kinder-beruflich-reisender.de\/index.php?rest_route=\/wp\/v2\/types\/post"}],"author":[{"embeddable":true,"href":"https:\/\/schule-fuer-kinder-beruflich-reisender.de\/index.php?rest_route=\/wp\/v2\/users\/4"}],"replies":[{"embeddable":true,"href":"https:\/\/schule-fuer-kinder-beruflich-reisender.de\/index.php?rest_route=%2Fwp%2Fv2%2Fcomments&post=181"}],"version-history":[{"count":1,"href":"https:\/\/schule-fuer-kinder-beruflich-reisender.de\/index.php?rest_route=\/wp\/v2\/posts\/181\/revisions"}],"predecessor-version":[{"id":182,"href":"https:\/\/schule-fuer-kinder-beruflich-reisender.de\/index.php?rest_route=\/wp\/v2\/posts\/181\/revisions\/182"}],"wp:attachment":[{"href":"https:\/\/schule-fuer-kinder-beruflich-reisender.de\/index.php?rest_route=%2Fwp%2Fv2%2Fmedia&parent=181"}],"wp:term":[{"taxonomy":"category","embeddable":true,"href":"https:\/\/schule-fuer-kinder-beruflich-reisender.de\/index.php?rest_route=%2Fwp%2Fv2%2Fcategories&post=181"},{"taxonomy":"post_tag","embeddable":true,"href":"https:\/\/schule-fuer-kinder-beruflich-reisender.de\/index.php?rest_route=%2Fwp%2Fv2%2Ftags&post=181"}],"curies":[{"name":"wp","href":"https:\/\/api.w.org\/{rel}","templated":true}]}}